{"id":518,"date":"2014-10-16T09:12:47","date_gmt":"2014-10-16T09:12:47","guid":{"rendered":"http:\/\/www.sollucchero.it\/?p=518"},"modified":"2014-10-16T09:12:47","modified_gmt":"2014-10-16T09:12:47","slug":"enogastronomia-eccellenze-umbre-al-merano-wine-festival-2014-agi-15-ottobre-2014","status":"publish","type":"post","link":"https:\/\/www.sollucchero.it\/en\/enogastronomia-eccellenze-umbre-al-merano-wine-festival-2014-agi-15-ottobre-2014.html","title":{"rendered":"Enogastronomia: eccellenze umbre al Merano Wine Festival 2014 - AGI 15 ottobre 2014"},"content":{"rendered":"<p style=\"text-align: justify;\">(AGI) &#8211; Pietralunga (Perugia), 15 ott. &#8211; Nella prestigiosa ed esclusiva vetrina del Merano Wine Festival di quest&#8217;anno &#8211; in programma a Merano dal 7 all&#8217;11 novembre 2014 &#8211; le eccellenze enogastronomiche d&#8217;Italia saranno come sempre tra le protagoniste. E l&#8217;Umbria vi far\u00e0 la sua figura, rappresentata com&#8217;\u00e8 da diverse aziende, grandi e piccole, e anche da un prodotto di nicchia come il <em><strong>&#8220;Sollucchero&#8221;<\/strong><\/em>, liquore alle visciole dell&#8217;azienda agricola Monte Valentino, che le commissioni d&#8217;assaggio presiedute da Helmuth K\u00f6cher, patron della manifestazione, hanno selezionato per la sezione <em>&#8220;Culinaria&#8221;<\/em> , sezione dove l&#8217;alta qualit\u00e0 \u00e8 considerata parametro indispensabile. All&#8217;interno della GourmetArena ci saranno liquori e distillati frutto di una scelta ragionata di prodotti di livello assoluto, come in un viaggio tra i migliori e pi\u00f9 esclusivi della grande tradizione gastronomica italiana ed internazionale. E a dispetto del nome della manifestazione, infatti, non solo vino, ma vera opportunit\u00e0 di promozione di prodotti tipici del nostro territorio verso appassionati e operatori professionali nazionali internazionali. E cos\u00ec, dalla cena di gala che tradizionalmente dar\u00e0 inizio venerd\u00ec 7 novembre alla kermesse, i produttori del &#8220;Sollucchero&#8221;, <strong>Nicola Polchi<\/strong> e <strong>Fabrizia Gargano<\/strong>, parteciperanno a questa edizione anche con la consapevolezza di presentare al pubblico &#8211; che si annuncia numeroso con oltre 6000 visitatori previsti nelle quattro giornate, tra addetti ai lavori, giornalisti e appassionati gourmet &#8211; un prodotto che, pur affondando le sue radici nella storia pi\u00f9 antica d&#8217;Italia ed in particolare dell&#8217;Umbria, come pure nella storia personale della famiglia Polchi per quanto riguarda la sua ricetta originale, ha trovato una sua formula originale, nelle sue due versioni Sollucchero e Sollucchero Riserva, capace di esaltare la visciola in un prodotto che nasce e resta volutamente artigianale, pur nella modernit\u00e0 delle tecniche e delle attrezzature. L&#8217;azienda \u00e8 una &#8216;piccola azienda\u2019, sue le visciole, biologiche come tutte le coltivazioni presenti, ma non \u00e8 una novit\u00e0 che &#8220;piccolo&#8221; &#8211; quando si parla di prodotti enogastronomici &#8211; pu\u00f2 significare prodotti invece di &#8220;grande&#8221; qualit\u00e0.(AGI) Vic<\/p>\n","protected":false},"excerpt":{"rendered":"<p>(AGI) &#8211; Pietralunga (Perugia), 15 ott. &#8211; Nella prestigiosa ed esclusiva vetrina del Merano Wine Festival di quest&#8217;anno &#8211; in<\/p>\n","protected":false},"author":4,"featured_media":0,"comment_status":"closed","ping_status":"open","sticky":false,"template":"","format":"standard","meta":{"jetpack_publicize_message":"","jetpack_is_tweetstorm":false,"jetpack_publicize_feature_enabled":true},"categories":[14],"tags":[],"jetpack_publicize_connections":[],"jetpack_featured_media_url":"","_links":{"self":[{"href":"https:\/\/www.sollucchero.it\/en\/wp-json\/wp\/v2\/posts\/518"}],"collection":[{"href":"https:\/\/www.sollucchero.it\/en\/wp-json\/wp\/v2\/posts"}],"about":[{"href":"https:\/\/www.sollucchero.it\/en\/wp-json\/wp\/v2\/types\/post"}],"author":[{"embeddable":true,"href":"https:\/\/www.sollucchero.it\/en\/wp-json\/wp\/v2\/users\/4"}],"replies":[{"embeddable":true,"href":"https:\/\/www.sollucchero.it\/en\/wp-json\/wp\/v2\/comments?post=518"}],"version-history":[{"count":1,"href":"https:\/\/www.sollucchero.it\/en\/wp-json\/wp\/v2\/posts\/518\/revisions"}],"predecessor-version":[{"id":519,"href":"https:\/\/www.sollucchero.it\/en\/wp-json\/wp\/v2\/posts\/518\/revisions\/519"}],"wp:attachment":[{"href":"https:\/\/www.sollucchero.it\/en\/wp-json\/wp\/v2\/media?parent=518"}],"wp:term":[{"taxonomy":"category","embeddable":true,"href":"https:\/\/www.sollucchero.it\/en\/wp-json\/wp\/v2\/categories?post=518"},{"taxonomy":"post_tag","embeddable":true,"href":"https:\/\/www.sollucchero.it\/en\/wp-json\/wp\/v2\/tags?post=518"}],"curies":[{"name":"wp","href":"https:\/\/api.w.org\/{rel}","templated":true}]}}